{"id":188,"date":"2014-04-07T17:49:56","date_gmt":"2014-04-07T20:49:56","guid":{"rendered":"http:\/\/www.albertoclaveriafoto.com.ar\/?p=188"},"modified":"2014-10-13T23:14:33","modified_gmt":"2014-10-14T02:14:33","slug":"maraton-fotografica-2014-la-usina","status":"publish","type":"post","link":"https:\/\/www.albertoclaveriafoto.com.ar\/?p=188","title":{"rendered":"Maraton fotografica 2014 Buenos Aires, La Usina"},"content":{"rendered":"<p><a href=\"http:\/\/www.albertoclaveriafoto.com.ar\/wp-content\/uploads\/2014\/04\/IMG_2169.jpg\"><img decoding=\"async\" loading=\"lazy\" class=\"aligncenter wp-image-200 size-medium\" src=\"http:\/\/www.albertoclaveriafoto.com.ar\/wp-content\/uploads\/2014\/04\/IMG_2169-500x332.jpg\" alt=\"Jurado\" width=\"500\" height=\"332\" srcset=\"https:\/\/www.albertoclaveriafoto.com.ar\/wp-content\/uploads\/2014\/04\/IMG_2169-500x332.jpg 500w, https:\/\/www.albertoclaveriafoto.com.ar\/wp-content\/uploads\/2014\/04\/IMG_2169.jpg 1024w\" sizes=\"(max-width: 500px) 100vw, 500px\" \/><\/a><\/p>\n<p>El 5 de Marzo se realiz\u00f3 la Marat\u00f3n Fotogr\u00e1fica Buenos Aires 24&#215;24 auspiciada por La Usina, organizaci\u00f3n sin fines de lucro. La largada de esta marat\u00f3n se realiz\u00f3 en el Centro Metropolitano de Dise\u00f1o (CMD), ubicado en la localidad de Barracas, Ciudad de Buenos Aires. Al evento concurrieron m\u00e1s de 500 fot\u00f3grafos que participaron, a pesar del d\u00eda lluvioso no faltaron a la cita.<\/p>\n<p>El jurado estuvo conformado por:<br \/>\n\u2022 Florencia Braga Men\u00e9ndez:<br \/>\nEx Directora de Museos de La Ciudad de Buenos Aires. Fundadora de la Galer\u00eda de Arte Braga<br \/>\nMen\u00e9ndez. Fue 1era. Presidente de GALAAC (Asociaci\u00f3n de Galer\u00edas Argentinas de Arte<br \/>\nContempor\u00e1neo) y miembrofundador de SOCA (Sociedad de Operadores Culturales de<br \/>\nArgentina)<\/p>\n<p>\u2022 Karina Maddonni:<br \/>\nLicenciada en Artes Visuales. Profesora Nacional de Pintura y Profesora titular de dedicaci\u00f3n<br \/>\nexclusiva del Departamento de Arte de la Facultad de Comunicaci\u00f3n y Dise\u00f1o de la Universidad Argentina de Empresas. Actualmente cursa la Maestr\u00eda en Lenguajes Art\u00edsticos<br \/>\ncombinados (I.U.N.A.) y forma parte del equipo de investigaci\u00f3n Arte y Trabajo.<\/p>\n<p>\u2022 Alberto Claver\u00eda:<br \/>\nSe inici\u00f3 en la fotograf\u00eda en el a\u00f1o 1997. Fot\u00f3grafo documental y de naturaleza. Sus fotograf\u00edas<br \/>\nson publicadas en medios gr\u00e1ficos como Der Spiegel de Alemania, National Geographic, Editorial<br \/>\nPlaneta y Diario La Naci\u00f3n. Actualmente editando un libro de fotograf\u00eda documental junto a<br \/>\ndestacados fot\u00f3grafos de Europa que ser\u00eda lanzado en julio de 2014.<\/p>\n<p>\u2022 Marcelo Gurruchaga:<br \/>\nFot\u00f3grafo Profesional en los campos de la publicidad, la arquitectura y la naturaleza. Docente<br \/>\nuniversitario, dicta clases para el Master de Conservaci\u00f3n del CICOP (Centro Internacional para la Conservaci\u00f3n del Patrimonio). Desde el a\u00f1o 1997 organiza fotosafaris por diferentes lugares del pa\u00eds y del mundo. Ha publicado diversos libros y en el a\u00f1o 2009 la revista GEO lo ha seleccionado como uno de los 10 grandes fot\u00f3grafos del mundo.<\/p>\n<p>\u2022 Fernando Gutierrez:<br \/>\nSe inici\u00f3 en la fotograf\u00eda en el a\u00f1o 1990. Fot\u00f3grafo y editor. Actualmente jefe de fotograf\u00eda del Diario La Naci\u00f3n. Trabaj\u00f3 como editor de Rolling Stone, Brando, Oh Lala y Lugares, entre otras. Corresponsal de medios nacionales e internacionales. Sus fotograf\u00edas han sido expuestas en diferentes galer\u00edas nacionales e internacionales en Par\u00eds, Nueva York, La Havana, entre otras.<br \/>\nEntre sus obras m\u00e1s reconocidas, se encuentran las series Treintamil (Premio Casa de Las<br \/>\nAmericas 96, editado simult\u00e1neamente en Francia y Argentina), Secuela (Premio Banco Ciudad 2004), Destierros y Cosas del R\u00edo.<\/p>\n<p><a href=\"http:\/\/www.albertoclaveriafoto.com.ar\/wp-content\/uploads\/2014\/03\/IMG_2163.jpg\"><img decoding=\"async\" loading=\"lazy\" class=\"aligncenter wp-image-172\" src=\"http:\/\/www.albertoclaveriafoto.com.ar\/wp-content\/uploads\/2014\/03\/IMG_2163-300x199.jpg\" alt=\"Maraton fotografica\" width=\"450\" height=\"299\" srcset=\"https:\/\/www.albertoclaveriafoto.com.ar\/wp-content\/uploads\/2014\/03\/IMG_2163-300x199.jpg 300w, https:\/\/www.albertoclaveriafoto.com.ar\/wp-content\/uploads\/2014\/03\/IMG_2163.jpg 1024w\" sizes=\"(max-width: 450px) 100vw, 450px\" \/><\/a><\/p>\n<p>&nbsp;<\/p>\n","protected":false},"excerpt":{"rendered":"<p>El 5 de Marzo se realiz\u00f3 la Marat\u00f3n Fotogr\u00e1fica Buenos Aires 24&#215;24 auspiciada por La Usina, organizaci\u00f3n sin fines de lucro. La largada de esta marat\u00f3n se realiz\u00f3 en el Centro Metropolitano de Dise\u00f1o (CMD), ubicado en la localidad de Barracas, Ciudad de Buenos Aires. [&hellip;]<\/p>\n","protected":false},"author":1,"featured_media":0,"comment_status":"closed","ping_status":"open","sticky":false,"template":"","format":"standard","meta":[],"categories":[4],"tags":[8,25,24],"_links":{"self":[{"href":"https:\/\/www.albertoclaveriafoto.com.ar\/index.php?rest_route=\/wp\/v2\/posts\/188"}],"collection":[{"href":"https:\/\/www.albertoclaveriafoto.com.ar\/index.php?rest_route=\/wp\/v2\/posts"}],"about":[{"href":"https:\/\/www.albertoclaveriafoto.com.ar\/index.php?rest_route=\/wp\/v2\/types\/post"}],"author":[{"embeddable":true,"href":"https:\/\/www.albertoclaveriafoto.com.ar\/index.php?rest_route=\/wp\/v2\/users\/1"}],"replies":[{"embeddable":true,"href":"https:\/\/www.albertoclaveriafoto.com.ar\/index.php?rest_route=%2Fwp%2Fv2%2Fcomments&post=188"}],"version-history":[{"count":8,"href":"https:\/\/www.albertoclaveriafoto.com.ar\/index.php?rest_route=\/wp\/v2\/posts\/188\/revisions"}],"predecessor-version":[{"id":191,"href":"https:\/\/www.albertoclaveriafoto.com.ar\/index.php?rest_route=\/wp\/v2\/posts\/188\/revisions\/191"}],"wp:attachment":[{"href":"https:\/\/www.albertoclaveriafoto.com.ar\/index.php?rest_route=%2Fwp%2Fv2%2Fmedia&parent=188"}],"wp:term":[{"taxonomy":"category","embeddable":true,"href":"https:\/\/www.albertoclaveriafoto.com.ar\/index.php?rest_route=%2Fwp%2Fv2%2Fcategories&post=188"},{"taxonomy":"post_tag","embeddable":true,"href":"https:\/\/www.albertoclaveriafoto.com.ar\/index.php?rest_route=%2Fwp%2Fv2%2Ftags&post=188"}],"curies":[{"name":"wp","href":"https:\/\/api.w.org\/{rel}","templated":true}]}}